{"id":1164,"date":"2017-01-17T13:04:17","date_gmt":"2017-01-17T11:04:17","guid":{"rendered":"https:\/\/liftart.com.tr\/?p=1164"},"modified":"2017-01-17T13:04:17","modified_gmt":"2017-01-17T11:04:17","slug":"bahcesehirde-asansor-faciasi","status":"publish","type":"post","link":"https:\/\/www.liftart.org\/en\/bahcesehirde-asansor-faciasi\/","title":{"rendered":"Bah\u00e7e\u015fehir&#8217;de Asans\u00f6r Facias\u0131"},"content":{"rendered":"<p><\/p>\n<h1>Bah\u00e7e\u015fehir&#8217;de asans\u00f6r facias\u0131: 3 \u00f6l\u00fc<\/h1>\n<p>\u0130stanbul Bah\u00e7e\u015fehir&#8217;de bir konut in\u015faat\u0131 projesinde y\u00fck asans\u00f6r\u00fc facias\u0131 ya\u015fand\u0131. \u0130n\u015faat\u0131n 24&#8217;\u00fcnc\u00fc kat\u0131ndaki y\u00fck asans\u00f6r\u00fc, i\u015f\u00e7ilerle birlikte yere \u00e7ak\u0131ld\u0131. \u0130lk belirlemelere g\u00f6re 3 i\u015f\u00e7i hayat\u0131n\u0131 kaybetti.<\/p>\n<p>Olay, Bah\u00e7e\u015fehir&#8217;de \u00f6zel bir firmaya ait l\u00fcks konut in\u015faat\u0131nda ya\u015fand\u0131. \u0130\u015f\u00e7ilerin in\u015faata malzeme ta\u015f\u0131mas\u0131n\u0131 sa\u011flayan y\u00fck asans\u00f6r\u00fc, bilinmeyen bir nedenle 24. kattan a\u015fa\u011f\u0131 d\u00fc\u015ft\u00fc. Yere \u00e7ak\u0131lan asans\u00f6rde bulunan 3 i\u015f\u00e7i feci \u015fekilde hayat\u0131n\u0131 kaybetti. \u0130\u015f\u00e7ilerin ihbar\u0131 \u00fczerine olay yerine sa\u011fl\u0131k, itfaiye ve polis ekipleri sevk edildi. Olay yeri inceleme ekipleri konuyla ilgili \u00e7al\u0131\u015fma ba\u015flatt\u0131. Olay yerine savc\u0131n\u0131n gelmesi bekleniyor.<\/p>\n<p>\u00d6lenlerin kimlikleri belli oldu<br \/>\nBah\u00e7e\u015fehir&#8217;de \u00f6zel bir firmaya ait in\u015faatta y\u00fck asans\u00f6r\u00fcn\u00fcn yere \u00e7ak\u0131lmas\u0131yla ya\u015fanan kazada hayat\u0131n\u0131 kaybeden i\u015f\u00e7ilerin Yasin Bak\u0131r, \u015e\u00fckr\u00fc Ya\u015far, Osman Yard\u0131mc\u0131 oldu\u011fu belirlendi. Olay yeri inceleme ekipleri ve cumhuriyet savc\u0131s\u0131n\u0131n in\u015faattaki \u00e7al\u0131\u015fmalar\u0131 s\u00fcr\u00fcyor.<\/p>\n<p>Bah\u00e7e\u015fehir&#8217;de <a href=\"https:\/\/transpalet.com\" target=\"_blank\" rel=\"noopener\">y\u00fck asans\u00f6r\u00fc<\/a> d\u00fc\u015ft\u00fc: 3 i\u015f\u00e7i \u00f6ld\u00fc<\/p>\n<p>ESENYURT\u2019ta 32 katl\u0131 konut in\u015faat\u0131n\u0131n y\u00fck asans\u00f6r\u00fc, hen\u00fcz bilinmeyen bir nedenle 23\u2019\u00fcnc\u00fc kattan zemine \u00e7ak\u0131ld\u0131. Asans\u00f6rde bulunan 3 i\u015f\u00e7i olay yerinde hayat\u0131n\u0131 kaybetti. Olayla ilgili 4 ki\u015fi g\u00f6zalt\u0131na al\u0131nd\u0131.<\/p>\n<p>Asans\u00f6r facias\u0131, saat 12.30 s\u0131ralar\u0131nda Esenyurt, Had\u0131mk\u00f6y Ho\u015fdere yolu \u00fczerindeki 32 katl\u0131 konut in\u015faat\u0131nda meydana geldi.<\/p>\n<p>\u0130ddiaya g\u00f6re, A\u011fr\u0131\u2019dan 3 ay \u00f6nce gelen Yasin Bak\u0131r (19), \u015e\u00fckr\u00fc Ya\u015far (21) ile Osman Yard\u0131mc\u0131 (17) in\u015faatta \u00e7al\u0131\u015fmaya ba\u015flad\u0131. Y\u00fck asans\u00f6r\u00fcne binen 3 i\u015f\u00e7i, 32 katl\u0131 in\u015faat\u0131n 23\u2019\u00fcnc\u00fc kat\u0131na \u00e7\u0131kt\u0131.<\/p>\n<p>Bu s\u0131rada asans\u00f6r hen\u00fcz bilinmeyen bir nedenle yere \u00e7ak\u0131ld\u0131. Kazay\u0131 g\u00f6ren di\u011fer i\u015f\u00e7iler durumu polis, itfaiye ve sa\u011fl\u0131k ekiplerine bildirdi. Olay yerine \u00e7ok say\u0131da sa\u011fl\u0131k ekibi sevk edildi. Gelen sa\u011fl\u0131k ekipleri yapt\u0131klar\u0131 kontrolde 3 i\u015f\u00e7inin \u00f6ld\u00fc\u011f\u00fcn\u00fc belirledi. Polis ekipleri in\u015faat \u00e7evresinde geni\u015f g\u00fcvenlik \u00f6nlemi ald\u0131. Olay yeri inceleme polislerinin yakla\u015f\u0131k 3 saat s\u00fcren \u00e7al\u0131\u015fmalar\u0131n\u0131n ard\u0131ndan Yasin Bak\u0131r, \u015e\u00fckr\u00fc Ya\u015far ile Osman Yard\u0131mc\u0131\u2019n\u0131n cesetleri Adli T\u0131p Kurumu\u2019na kald\u0131r\u0131ld\u0131. Fayans ustalar\u0131 olan i\u015f\u00e7ilerin birbirleriyle akraba olduklar\u0131 \u00f6\u011frenildi. Polis olayla ilgili \u00e7ok y\u00f6nl\u00fc soru\u015fturma ba\u015flatt\u0131.<\/p>\n<h3>&#8216;\u00c7OK \u00dcZG\u00dcN\u00dcZ&#8217;<\/h3>\n<p>OLAYLA ilgili bilgi veren Fi Yap\u0131 Y\u00f6netim Kurulu Ba\u015fkan\u0131 Fikret \u0130nan \u015f\u00f6yle konu\u015ftu: \u201cKesin sonu\u00e7 inceleme sonras\u0131 ortaya \u00e7\u0131kacak. Ama bizim arkada\u015flar\u0131m\u0131z\u0131n \u00e7ekti\u011fi foto\u011fraflara g\u00f6re asans\u00f6re a\u015f\u0131r\u0131 \u00e7imento y\u00fcklenmi\u015f. Y\u00fck asans\u00f6r\u00fcn\u00fcn bak\u0131m\u0131n\u0131 yapal\u0131 2-3 ay oldu. Ge\u00e7ti\u011fimiz y\u0131l bir \u015fantiyede b\u00fcy\u00fck bir asans\u00f6r kazas\u0131 olmu\u015ftu ve biz o olaydan sonra denetim ve bak\u0131mlar\u0131 artt\u0131rm\u0131\u015ft\u0131k. Can kayb\u0131 oldu\u011fu i\u00e7in \u00e7ok \u00fcz\u00fcnt\u00fcl\u00fcy\u00fcz.\u201d Fi Side adl\u0131 konut projesinde 10\u2019dan fazla ta\u015feron \u015firket \u00e7al\u0131\u015ft\u0131\u011f\u0131n\u0131 belirten \u0130nan, kaba in\u015faat\u0131 biten binalar\u0131 haziran ay\u0131nda teslim etmeye haz\u0131rland\u0131klar\u0131n\u0131 belirtti. Teslim edilmeyi bekleyen binlerce dairesi bulunan \u015firketin iflas erteleme davas\u0131 s\u00fcr\u00fcyor. G\u00fclistan ALAG\u00d6Z<\/p>\n<h3>CHP\u2019L\u0130 VEK\u0130L OLAY YER\u0130NDE<\/h3>\n<p>CHP \u0130stanbul Milletvekili ve \u0130\u015f Kazalar\u0131 Ara\u015ft\u0131rma Komisyonu \u00fcyesi Sibel \u00d6zdemir olay yerine gelerek bir a\u00e7\u0131klama yapt\u0131. \u00d6len i\u015f\u00e7ilerin isimlerini veren \u00d6zdemir, &#8220;\u00dc\u00e7 karde\u015fimiz maalesef burada ya\u015fanan i\u015f kazas\u0131 nedeniyle, g\u00fcvencesiz \u00e7al\u0131\u015fmalar\u0131 sonucu vefat etmi\u015flerdir. CHP \u0130\u015f Kazalar\u0131n\u0131 Ara\u015ft\u0131rma Komisyonu olarak hemen alana geldik. Gerekli bilgiyi edinemeye \u00e7al\u0131\u015f\u0131yoruz. San\u0131r\u0131m in\u015faat\u0131n bir s\u00fcre at\u0131l kalmas\u0131 ve neticesinde malzemelerle ilgili s\u0131k\u0131nt\u0131lar\u0131n; y\u00fck ta\u015f\u0131mamas\u0131na ra\u011fmen insan ta\u015f\u0131yan asans\u00f6rlerin kullan\u0131lmas\u0131 sonucunda b\u00f6yle bir ac\u0131 olayla kar\u015f\u0131 kar\u015f\u0131yay\u0131z&#8221; dedi.<\/p>\n<h3>&#8220;\u0130HMAL VAR&#8221;<\/h3>\n<p>Ayn\u0131 in\u015faatta \u00e7al\u0131\u015fan \u00f6len i\u015f\u00e7i Yasin Bak\u0131r\u2019\u0131n a\u011fabeyi Adem Bak\u0131r ise, &#8220;Asans\u00f6r\u00fcn bak\u0131m\u0131 yoktu, kontrol\u00fc yoktu. Yukar\u0131daki asans\u00f6r de ar\u0131zal\u0131. Yukar\u0131da kalm\u0131\u015f. Ask\u0131da kalm\u0131\u015f. Asans\u00f6r daha \u00f6nce birka\u00e7 kere d\u00fc\u015ft\u00fc. Hi\u00e7bir asans\u00f6r\u00fcn ya\u011f\u0131 bile yok. Defalarca uyard\u0131m. \u015eantiyeye gittim. G\u00fcvenli\u011fe gittim. \u0130\u015fi yeti\u015ftirmemizi istiyorlar. Biz de i\u015fi yeti\u015ftirmesek param\u0131z\u0131 alam\u0131yoruz&#8221; diye konu\u015ftu.<\/p>\n<h3>4 K\u0130\u015e\u0130 G\u00d6ZALTINDA<\/h3>\n<p>Olay yerinde cumhuriyet savc\u0131s\u0131 ve polis ekiplerince inceleme yap\u0131l\u0131rken, kazan\u0131n ya\u015fand\u0131\u011f\u0131 in\u015faat\u0131n \u015fantiye \u015fefi ve i\u015f g\u00fcvenlik uzman\u0131n\u0131n da aras\u0131nda bulundu\u011fu 4 ki\u015fi g\u00f6zalt\u0131na al\u0131nd\u0131.<\/p>\n<p><a href=\"http:\/\/www.hurriyet.com.tr\" target=\"_blank\" rel=\"noopener\">kaynak<\/a><\/p>","protected":false},"excerpt":{"rendered":"<p>Bah\u00e7e\u015fehir&#8217;de asans\u00f6r facias\u0131: 3 \u00f6l\u00fc \u0130stanbul Bah\u00e7e\u015fehir&#8217;de bir konut in\u015faat\u0131 projesinde y\u00fck asans\u00f6r\u00fc facias\u0131 ya\u015fand\u0131. \u0130n\u015faat\u0131n&#8230;<\/p>\n","protected":false},"author":1,"featured_media":0,"comment_status":"closed","ping_status":"closed","sticky":false,"template":"","format":"standard","meta":{"footnotes":""},"categories":[243],"tags":[],"class_list":["post-1164","post","type-post","status-publish","format-standard","hentry","category-engelli-asansoru-haberleri-blog"],"yoast_head":"<!-- This site is optimized with the Yoast SEO plugin v20.4 - https:\/\/yoast.com\/wordpress\/plugins\/seo\/ -->\n<title>Bah\u00e7e\u015fehir&#039;de Asans\u00f6r Facias\u0131 - LiftArt Asans\u00f6r Haberleri<\/title>\n<meta name=\"description\" content=\"\u0130stanbul Bah\u00e7e\u015fehir&#039;de bir konut in\u015faat\u0131 projesinde y\u00fck asans\u00f6r\u00fc facias\u0131 ya\u015fand\u0131. \u0130n\u015faat\u0131n 24&#039;\u00fcnc\u00fc kat\u0131ndaki y\u00fck asans\u00f6r\u00fc, i\u015f\u00e7ilerle birlikte yere \u00e7ak\u0131ld\u0131.\" \/>\n<meta name=\"robots\" content=\"index, follow, max-snippet:-1, max-image-preview:large, max-video-preview:-1\" \/>\n<link rel=\"canonical\" href=\"https:\/\/www.liftart.org\/en\/bahcesehirde-asansor-faciasi\/\" \/>\n<meta property=\"og:locale\" content=\"en_US\" \/>\n<meta property=\"og:type\" content=\"article\" \/>\n<meta property=\"og:title\" content=\"Bah\u00e7e\u015fehir&#039;de Asans\u00f6r Facias\u0131 - LiftArt Asans\u00f6r Haberleri\" \/>\n<meta property=\"og:description\" content=\"\u0130stanbul Bah\u00e7e\u015fehir&#039;de bir konut in\u015faat\u0131 projesinde y\u00fck asans\u00f6r\u00fc facias\u0131 ya\u015fand\u0131. \u0130n\u015faat\u0131n 24&#039;\u00fcnc\u00fc kat\u0131ndaki y\u00fck asans\u00f6r\u00fc, i\u015f\u00e7ilerle birlikte yere \u00e7ak\u0131ld\u0131.\" \/>\n<meta property=\"og:url\" content=\"https:\/\/www.liftart.org\/en\/bahcesehirde-asansor-faciasi\/\" \/>\n<meta property=\"og:site_name\" content=\"LiftArt Merdiven Asans\u00f6r\u00fc\" \/>\n<meta property=\"article:publisher\" content=\"https:\/\/www.facebook.com\/liftartasansor\" \/>\n<meta property=\"article:published_time\" content=\"2017-01-17T11:04:17+00:00\" \/>\n<meta name=\"author\" content=\"helios\" \/>\n<meta name=\"twitter:card\" content=\"summary_large_image\" \/>\n<meta name=\"twitter:creator\" content=\"@liftartasansor\" \/>\n<meta name=\"twitter:site\" content=\"@liftartasansor\" \/>\n<meta name=\"twitter:label1\" content=\"Written by\" \/>\n\t<meta name=\"twitter:data1\" content=\"helios\" \/>\n\t<meta name=\"twitter:label2\" content=\"Est. reading time\" \/>\n\t<meta name=\"twitter:data2\" content=\"8 minutes\" \/>\n<script type=\"application\/ld+json\" class=\"yoast-schema-graph\">{\"@context\":\"https:\/\/schema.org\",\"@graph\":[{\"@type\":\"Article\",\"@id\":\"https:\/\/www.liftart.org\/en\/bahcesehirde-asansor-faciasi\/#article\",\"isPartOf\":{\"@id\":\"https:\/\/www.liftart.org\/en\/bahcesehirde-asansor-faciasi\/\"},\"author\":{\"name\":\"helios\",\"@id\":\"https:\/\/www.liftart.org\/#\/schema\/person\/9af9a48cbd55b24e2d41c5e7dd930d91\"},\"headline\":\"Bah\u00e7e\u015fehir&#8217;de Asans\u00f6r Facias\u0131\",\"datePublished\":\"2017-01-17T11:04:17+00:00\",\"dateModified\":\"2017-01-17T11:04:17+00:00\",\"mainEntityOfPage\":{\"@id\":\"https:\/\/www.liftart.org\/en\/bahcesehirde-asansor-faciasi\/\"},\"wordCount\":1629,\"publisher\":{\"@id\":\"https:\/\/www.liftart.org\/#organization\"},\"articleSection\":[\"Engelli Asans\u00f6r\u00fc Haberleri &amp; Blogu\"],\"inLanguage\":\"en-US\"},{\"@type\":\"WebPage\",\"@id\":\"https:\/\/www.liftart.org\/en\/bahcesehirde-asansor-faciasi\/\",\"url\":\"https:\/\/www.liftart.org\/en\/bahcesehirde-asansor-faciasi\/\",\"name\":\"Bah\u00e7e\u015fehir'de Asans\u00f6r Facias\u0131 - LiftArt Asans\u00f6r Haberleri\",\"isPartOf\":{\"@id\":\"https:\/\/www.liftart.org\/en\/#website\"},\"datePublished\":\"2017-01-17T11:04:17+00:00\",\"dateModified\":\"2017-01-17T11:04:17+00:00\",\"description\":\"\u0130stanbul Bah\u00e7e\u015fehir'de bir konut in\u015faat\u0131 projesinde y\u00fck asans\u00f6r\u00fc facias\u0131 ya\u015fand\u0131. \u0130n\u015faat\u0131n 24'\u00fcnc\u00fc kat\u0131ndaki y\u00fck asans\u00f6r\u00fc, i\u015f\u00e7ilerle birlikte yere \u00e7ak\u0131ld\u0131.\",\"breadcrumb\":{\"@id\":\"https:\/\/www.liftart.org\/en\/bahcesehirde-asansor-faciasi\/#breadcrumb\"},\"inLanguage\":\"en-US\",\"potentialAction\":[{\"@type\":\"ReadAction\",\"target\":[[\"https:\/\/www.liftart.org\/en\/bahcesehirde-asansor-faciasi\/\"]]}]},{\"@type\":\"BreadcrumbList\",\"@id\":\"https:\/\/www.liftart.org\/en\/bahcesehirde-asansor-faciasi\/#breadcrumb\",\"itemListElement\":[{\"@type\":\"ListItem\",\"position\":1,\"name\":\"Anasayfa\",\"item\":\"https:\/\/www.liftart.org\/en\/\"},{\"@type\":\"ListItem\",\"position\":2,\"name\":\"Bah\u00e7e\u015fehir&#8217;de Asans\u00f6r Facias\u0131\"}]},{\"@type\":\"WebSite\",\"@id\":\"https:\/\/www.liftart.org\/en\/#website\",\"url\":\"https:\/\/www.liftart.org\/en\/\",\"name\":\"LiftArt Merdiven Asans\u00f6r\u00fc\",\"description\":\"Engelli Asans\u00f6r\u00fc, Ev Asans\u00f6r\u00fc\",\"publisher\":{\"@id\":\"https:\/\/www.liftart.org\/en\/#organization\"},\"potentialAction\":[{\"@type\":\"SearchAction\",\"target\":{\"@type\":\"EntryPoint\",\"urlTemplate\":\"https:\/\/www.liftart.org\/en\/?s={search_term_string}\"},\"query-input\":\"required name=search_term_string\"}],\"inLanguage\":\"en-US\"},{\"@type\":\"Organization\",\"@id\":\"https:\/\/www.liftart.org\/en\/#organization\",\"name\":\"LiftArt Merdiven Asans\u00f6r\u00fc\",\"url\":\"https:\/\/www.liftart.org\/en\/\",\"logo\":{\"@type\":\"ImageObject\",\"inLanguage\":\"en-US\",\"@id\":\"https:\/\/www.liftart.org\/en\/#\/schema\/logo\/image\/\",\"url\":\"http:\/\/www.liftart.org\/wp-content\/uploads\/2023\/03\/cropped-cropped-LiftArt-2020-Logo-300x100-1-1-1.png\",\"contentUrl\":\"http:\/\/www.liftart.org\/wp-content\/uploads\/2023\/03\/cropped-cropped-LiftArt-2020-Logo-300x100-1-1-1.png\",\"width\":300,\"height\":100,\"caption\":\"LiftArt Merdiven Asans\u00f6r\u00fc\"},\"image\":{\"@id\":\"https:\/\/www.liftart.org\/en\/#\/schema\/logo\/image\/\"},\"sameAs\":[\"https:\/\/www.facebook.com\/liftartasansor\",\"https:\/\/twitter.com\/liftartasansor\",\"https:\/\/www.instagram.com\/liftartasansor\/\",\"https:\/\/www.youtube.com\/channel\/UCKV9dKwP-Lz7LNNdvZDIoLg\"]},{\"@type\":\"Person\",\"@id\":\"https:\/\/www.liftart.org\/#\/schema\/person\/9af9a48cbd55b24e2d41c5e7dd930d91\",\"name\":\"helios\",\"sameAs\":[\"http:\/\/www.liftart.org\"],\"url\":\"https:\/\/www.liftart.org\/en\/author\/helios\/\"}]}<\/script>\n<!-- \/ Yoast SEO plugin. -->","yoast_head_json":{"title":"Bah\u00e7e\u015fehir'de Asans\u00f6r Facias\u0131 - LiftArt Asans\u00f6r Haberleri","description":"\u0130stanbul Bah\u00e7e\u015fehir'de bir konut in\u015faat\u0131 projesinde y\u00fck asans\u00f6r\u00fc facias\u0131 ya\u015fand\u0131. \u0130n\u015faat\u0131n 24'\u00fcnc\u00fc kat\u0131ndaki y\u00fck asans\u00f6r\u00fc, i\u015f\u00e7ilerle birlikte yere \u00e7ak\u0131ld\u0131.","robots":{"index":"index","follow":"follow","max-snippet":"max-snippet:-1","max-image-preview":"max-image-preview:large","max-video-preview":"max-video-preview:-1"},"canonical":"https:\/\/www.liftart.org\/en\/bahcesehirde-asansor-faciasi\/","og_locale":"en_US","og_type":"article","og_title":"Bah\u00e7e\u015fehir'de Asans\u00f6r Facias\u0131 - LiftArt Asans\u00f6r Haberleri","og_description":"\u0130stanbul Bah\u00e7e\u015fehir'de bir konut in\u015faat\u0131 projesinde y\u00fck asans\u00f6r\u00fc facias\u0131 ya\u015fand\u0131. \u0130n\u015faat\u0131n 24'\u00fcnc\u00fc kat\u0131ndaki y\u00fck asans\u00f6r\u00fc, i\u015f\u00e7ilerle birlikte yere \u00e7ak\u0131ld\u0131.","og_url":"https:\/\/www.liftart.org\/en\/bahcesehirde-asansor-faciasi\/","og_site_name":"LiftArt Merdiven Asans\u00f6r\u00fc","article_publisher":"https:\/\/www.facebook.com\/liftartasansor","article_published_time":"2017-01-17T11:04:17+00:00","author":"helios","twitter_card":"summary_large_image","twitter_creator":"@liftartasansor","twitter_site":"@liftartasansor","twitter_misc":{"Written by":"helios","Est. reading time":"8 minutes"},"schema":{"@context":"https:\/\/schema.org","@graph":[{"@type":"Article","@id":"https:\/\/www.liftart.org\/en\/bahcesehirde-asansor-faciasi\/#article","isPartOf":{"@id":"https:\/\/www.liftart.org\/en\/bahcesehirde-asansor-faciasi\/"},"author":{"name":"helios","@id":"https:\/\/www.liftart.org\/#\/schema\/person\/9af9a48cbd55b24e2d41c5e7dd930d91"},"headline":"Bah\u00e7e\u015fehir&#8217;de Asans\u00f6r Facias\u0131","datePublished":"2017-01-17T11:04:17+00:00","dateModified":"2017-01-17T11:04:17+00:00","mainEntityOfPage":{"@id":"https:\/\/www.liftart.org\/en\/bahcesehirde-asansor-faciasi\/"},"wordCount":1629,"publisher":{"@id":"https:\/\/www.liftart.org\/#organization"},"articleSection":["Engelli Asans\u00f6r\u00fc Haberleri &amp; Blogu"],"inLanguage":"en-US"},{"@type":"WebPage","@id":"https:\/\/www.liftart.org\/en\/bahcesehirde-asansor-faciasi\/","url":"https:\/\/www.liftart.org\/en\/bahcesehirde-asansor-faciasi\/","name":"Bah\u00e7e\u015fehir'de Asans\u00f6r Facias\u0131 - LiftArt Asans\u00f6r Haberleri","isPartOf":{"@id":"https:\/\/www.liftart.org\/en\/#website"},"datePublished":"2017-01-17T11:04:17+00:00","dateModified":"2017-01-17T11:04:17+00:00","description":"\u0130stanbul Bah\u00e7e\u015fehir'de bir konut in\u015faat\u0131 projesinde y\u00fck asans\u00f6r\u00fc facias\u0131 ya\u015fand\u0131. \u0130n\u015faat\u0131n 24'\u00fcnc\u00fc kat\u0131ndaki y\u00fck asans\u00f6r\u00fc, i\u015f\u00e7ilerle birlikte yere \u00e7ak\u0131ld\u0131.","breadcrumb":{"@id":"https:\/\/www.liftart.org\/en\/bahcesehirde-asansor-faciasi\/#breadcrumb"},"inLanguage":"en-US","potentialAction":[{"@type":"ReadAction","target":[["https:\/\/www.liftart.org\/en\/bahcesehirde-asansor-faciasi\/"]]}]},{"@type":"BreadcrumbList","@id":"https:\/\/www.liftart.org\/en\/bahcesehirde-asansor-faciasi\/#breadcrumb","itemListElement":[{"@type":"ListItem","position":1,"name":"Anasayfa","item":"https:\/\/www.liftart.org\/en\/"},{"@type":"ListItem","position":2,"name":"Bah\u00e7e\u015fehir&#8217;de Asans\u00f6r Facias\u0131"}]},{"@type":"WebSite","@id":"https:\/\/www.liftart.org\/en\/#website","url":"https:\/\/www.liftart.org\/en\/","name":"LiftArt Merdiven Asans\u00f6r\u00fc","description":"Engelli Asans\u00f6r\u00fc, Ev Asans\u00f6r\u00fc","publisher":{"@id":"https:\/\/www.liftart.org\/en\/#organization"},"potentialAction":[{"@type":"SearchAction","target":{"@type":"EntryPoint","urlTemplate":"https:\/\/www.liftart.org\/en\/?s={search_term_string}"},"query-input":"required name=search_term_string"}],"inLanguage":"en-US"},{"@type":"Organization","@id":"https:\/\/www.liftart.org\/en\/#organization","name":"LiftArt Merdiven Asans\u00f6r\u00fc","url":"https:\/\/www.liftart.org\/en\/","logo":{"@type":"ImageObject","inLanguage":"en-US","@id":"https:\/\/www.liftart.org\/en\/#\/schema\/logo\/image\/","url":"http:\/\/www.liftart.org\/wp-content\/uploads\/2023\/03\/cropped-cropped-LiftArt-2020-Logo-300x100-1-1-1.png","contentUrl":"http:\/\/www.liftart.org\/wp-content\/uploads\/2023\/03\/cropped-cropped-LiftArt-2020-Logo-300x100-1-1-1.png","width":300,"height":100,"caption":"LiftArt Merdiven Asans\u00f6r\u00fc"},"image":{"@id":"https:\/\/www.liftart.org\/en\/#\/schema\/logo\/image\/"},"sameAs":["https:\/\/www.facebook.com\/liftartasansor","https:\/\/twitter.com\/liftartasansor","https:\/\/www.instagram.com\/liftartasansor\/","https:\/\/www.youtube.com\/channel\/UCKV9dKwP-Lz7LNNdvZDIoLg"]},{"@type":"Person","@id":"https:\/\/www.liftart.org\/#\/schema\/person\/9af9a48cbd55b24e2d41c5e7dd930d91","name":"helios","sameAs":["http:\/\/www.liftart.org"],"url":"https:\/\/www.liftart.org\/en\/author\/helios\/"}]}},"_links":{"self":[{"href":"https:\/\/www.liftart.org\/en\/wp-json\/wp\/v2\/posts\/1164","targetHints":{"allow":["GET"]}}],"collection":[{"href":"https:\/\/www.liftart.org\/en\/wp-json\/wp\/v2\/posts"}],"about":[{"href":"https:\/\/www.liftart.org\/en\/wp-json\/wp\/v2\/types\/post"}],"author":[{"embeddable":true,"href":"https:\/\/www.liftart.org\/en\/wp-json\/wp\/v2\/users\/1"}],"replies":[{"embeddable":true,"href":"https:\/\/www.liftart.org\/en\/wp-json\/wp\/v2\/comments?post=1164"}],"version-history":[{"count":0,"href":"https:\/\/www.liftart.org\/en\/wp-json\/wp\/v2\/posts\/1164\/revisions"}],"wp:attachment":[{"href":"https:\/\/www.liftart.org\/en\/wp-json\/wp\/v2\/media?parent=1164"}],"wp:term":[{"taxonomy":"category","embeddable":true,"href":"https:\/\/www.liftart.org\/en\/wp-json\/wp\/v2\/categories?post=1164"},{"taxonomy":"post_tag","embeddable":true,"href":"https:\/\/www.liftart.org\/en\/wp-json\/wp\/v2\/tags?post=1164"}],"curies":[{"name":"wp","href":"https:\/\/api.w.org\/{rel}","templated":true}]}}