{"id":1981,"date":"2017-06-12T12:27:03","date_gmt":"2017-06-12T09:27:03","guid":{"rendered":"https:\/\/liftart.com.tr\/?p=1981"},"modified":"2017-06-12T12:27:03","modified_gmt":"2017-06-12T09:27:03","slug":"turkiyedeki-engelli-ogrenci-sayisi","status":"publish","type":"post","link":"https:\/\/www.liftart.org\/en\/turkiyedeki-engelli-ogrenci-sayisi\/","title":{"rendered":"T\u00fcrkiye&#8217;deki Engelli \u00f6\u011frenci Say\u0131s\u0131"},"content":{"rendered":"<p>Subject: 2017 Number of disabled students in Turkey<\/p>\n<p>National Education Minister Ismet Yilmaz, the number of students with disabilities in Turkey 306 thousand 205 said.<\/p>\n<p>It is legally necessary to make the necessary arrangements in all educational institutions so that disabled students can go to wheelchairs and schools.<\/p>\n<p>If it is not possible for students with disabilities to move to the first floors in order to benefit from the laboratories, computer rooms, music rooms and libraries, the disabled elevator, portable stair climber, stair elevator or disability platform is required for students to reach these units.<\/p>\n<p>If the number of disabled students is thought to be 306,000, this is not a contemptible number at all.<\/p>\n<p>National Education Minister Yilmaz said, &#8220;The criteria regarding the accessibility of the disabled in all projects and all approved special projects are taken into account and they are applied in the construction of new schools in order to reach the teaching units that the disabled students need. The governorates have also been instructed to target the preparation of an educational environment for the physically handicapped on the ground floors of previously constructed school buildings and to implement these goals to the extent possible.<\/p>\n<p>Elevator Lift Lift News<\/p>\n<p>Source: Education Agency: Last Updated: 06.06.2017 17:10<br \/>\n<\/p>","protected":false},"excerpt":{"rendered":"<p>Subject: 2017 Number of disabled students in Turkey National Education Minister Ismet Yilmaz, the number of&#8230;<\/p>\n","protected":false},"author":1,"featured_media":0,"comment_status":"closed","ping_status":"closed","sticky":false,"template":"","format":"standard","meta":{"footnotes":""},"categories":[243],"tags":[],"class_list":["post-1981","post","type-post","status-publish","format-standard","hentry","category-engelli-asansoru-haberleri-blog"],"yoast_head":"<!-- This site is optimized with the Yoast SEO plugin v20.4 - https:\/\/yoast.com\/wordpress\/plugins\/seo\/ -->\n<title>T\u00fcrkiye&#039;deki Engelli \u00f6\u011frenci Say\u0131s\u0131 - LiftArt Merdiven Asans\u00f6r\u00fc<\/title>\n<meta name=\"description\" content=\"Milli E\u011fitim Bakan\u0131 \u0130smet Y\u0131lmaz, 2017 de T\u00fcrkiye\u2019deki engelli \u00f6\u011frenci say\u0131s\u0131n\u0131n 306 bin 205 oldu\u011funu a\u00e7\u0131klad\u0131. LiftArt Engell Haberleri\" \/>\n<meta name=\"robots\" content=\"index, follow, max-snippet:-1, max-image-preview:large, max-video-preview:-1\" \/>\n<link rel=\"canonical\" href=\"https:\/\/www.liftart.org\/en\/turkiyedeki-engelli-ogrenci-sayisi\/\" \/>\n<meta property=\"og:locale\" content=\"en_US\" \/>\n<meta property=\"og:type\" content=\"article\" \/>\n<meta property=\"og:title\" content=\"T\u00fcrkiye&#039;deki Engelli \u00f6\u011frenci Say\u0131s\u0131 - LiftArt Merdiven Asans\u00f6r\u00fc\" \/>\n<meta property=\"og:description\" content=\"Milli E\u011fitim Bakan\u0131 \u0130smet Y\u0131lmaz, 2017 de T\u00fcrkiye\u2019deki engelli \u00f6\u011frenci say\u0131s\u0131n\u0131n 306 bin 205 oldu\u011funu a\u00e7\u0131klad\u0131. LiftArt Engell Haberleri\" \/>\n<meta property=\"og:url\" content=\"https:\/\/www.liftart.org\/en\/turkiyedeki-engelli-ogrenci-sayisi\/\" \/>\n<meta property=\"og:site_name\" content=\"LiftArt Merdiven Asans\u00f6r\u00fc\" \/>\n<meta property=\"article:publisher\" content=\"https:\/\/www.facebook.com\/liftartasansor\" \/>\n<meta property=\"article:published_time\" content=\"2017-06-12T09:27:03+00:00\" \/>\n<meta name=\"author\" content=\"helios\" \/>\n<meta name=\"twitter:card\" content=\"summary_large_image\" \/>\n<meta name=\"twitter:creator\" content=\"@liftartasansor\" \/>\n<meta name=\"twitter:site\" content=\"@liftartasansor\" \/>\n<meta name=\"twitter:label1\" content=\"Written by\" \/>\n\t<meta name=\"twitter:data1\" content=\"helios\" \/>\n\t<meta name=\"twitter:label2\" content=\"Est. reading time\" \/>\n\t<meta name=\"twitter:data2\" content=\"2 minutes\" \/>\n<script type=\"application\/ld+json\" class=\"yoast-schema-graph\">{\"@context\":\"https:\/\/schema.org\",\"@graph\":[{\"@type\":\"Article\",\"@id\":\"https:\/\/www.liftart.org\/en\/turkiyedeki-engelli-ogrenci-sayisi\/#article\",\"isPartOf\":{\"@id\":\"https:\/\/www.liftart.org\/en\/turkiyedeki-engelli-ogrenci-sayisi\/\"},\"author\":{\"name\":\"helios\",\"@id\":\"https:\/\/www.liftart.org\/#\/schema\/person\/9af9a48cbd55b24e2d41c5e7dd930d91\"},\"headline\":\"T\u00fcrkiye&#8217;deki Engelli \u00f6\u011frenci Say\u0131s\u0131\",\"datePublished\":\"2017-06-12T09:27:03+00:00\",\"dateModified\":\"2017-06-12T09:27:03+00:00\",\"mainEntityOfPage\":{\"@id\":\"https:\/\/www.liftart.org\/en\/turkiyedeki-engelli-ogrenci-sayisi\/\"},\"wordCount\":442,\"publisher\":{\"@id\":\"https:\/\/www.liftart.org\/#organization\"},\"articleSection\":[\"Engelli Asans\u00f6r\u00fc Haberleri &amp; Blogu\"],\"inLanguage\":\"en-US\"},{\"@type\":\"WebPage\",\"@id\":\"https:\/\/www.liftart.org\/en\/turkiyedeki-engelli-ogrenci-sayisi\/\",\"url\":\"https:\/\/www.liftart.org\/en\/turkiyedeki-engelli-ogrenci-sayisi\/\",\"name\":\"T\u00fcrkiye'deki Engelli \u00f6\u011frenci Say\u0131s\u0131 - LiftArt Merdiven Asans\u00f6r\u00fc\",\"isPartOf\":{\"@id\":\"https:\/\/www.liftart.org\/en\/#website\"},\"datePublished\":\"2017-06-12T09:27:03+00:00\",\"dateModified\":\"2017-06-12T09:27:03+00:00\",\"description\":\"Milli E\u011fitim Bakan\u0131 \u0130smet Y\u0131lmaz, 2017 de T\u00fcrkiye\u2019deki engelli \u00f6\u011frenci say\u0131s\u0131n\u0131n 306 bin 205 oldu\u011funu a\u00e7\u0131klad\u0131. LiftArt Engell Haberleri\",\"breadcrumb\":{\"@id\":\"https:\/\/www.liftart.org\/en\/turkiyedeki-engelli-ogrenci-sayisi\/#breadcrumb\"},\"inLanguage\":\"en-US\",\"potentialAction\":[{\"@type\":\"ReadAction\",\"target\":[[\"https:\/\/www.liftart.org\/en\/turkiyedeki-engelli-ogrenci-sayisi\/\"]]}]},{\"@type\":\"BreadcrumbList\",\"@id\":\"https:\/\/www.liftart.org\/en\/turkiyedeki-engelli-ogrenci-sayisi\/#breadcrumb\",\"itemListElement\":[{\"@type\":\"ListItem\",\"position\":1,\"name\":\"Anasayfa\",\"item\":\"https:\/\/www.liftart.org\/en\/\"},{\"@type\":\"ListItem\",\"position\":2,\"name\":\"T\u00fcrkiye&#8217;deki Engelli \u00f6\u011frenci Say\u0131s\u0131\"}]},{\"@type\":\"WebSite\",\"@id\":\"https:\/\/www.liftart.org\/en\/#website\",\"url\":\"https:\/\/www.liftart.org\/en\/\",\"name\":\"LiftArt Merdiven Asans\u00f6r\u00fc\",\"description\":\"Engelli Asans\u00f6r\u00fc, Ev Asans\u00f6r\u00fc\",\"publisher\":{\"@id\":\"https:\/\/www.liftart.org\/en\/#organization\"},\"potentialAction\":[{\"@type\":\"SearchAction\",\"target\":{\"@type\":\"EntryPoint\",\"urlTemplate\":\"https:\/\/www.liftart.org\/en\/?s={search_term_string}\"},\"query-input\":\"required name=search_term_string\"}],\"inLanguage\":\"en-US\"},{\"@type\":\"Organization\",\"@id\":\"https:\/\/www.liftart.org\/en\/#organization\",\"name\":\"LiftArt Merdiven Asans\u00f6r\u00fc\",\"url\":\"https:\/\/www.liftart.org\/en\/\",\"logo\":{\"@type\":\"ImageObject\",\"inLanguage\":\"en-US\",\"@id\":\"https:\/\/www.liftart.org\/en\/#\/schema\/logo\/image\/\",\"url\":\"http:\/\/www.liftart.org\/wp-content\/uploads\/2023\/03\/cropped-cropped-LiftArt-2020-Logo-300x100-1-1-1.png\",\"contentUrl\":\"http:\/\/www.liftart.org\/wp-content\/uploads\/2023\/03\/cropped-cropped-LiftArt-2020-Logo-300x100-1-1-1.png\",\"width\":300,\"height\":100,\"caption\":\"LiftArt Merdiven Asans\u00f6r\u00fc\"},\"image\":{\"@id\":\"https:\/\/www.liftart.org\/en\/#\/schema\/logo\/image\/\"},\"sameAs\":[\"https:\/\/www.facebook.com\/liftartasansor\",\"https:\/\/twitter.com\/liftartasansor\",\"https:\/\/www.instagram.com\/liftartasansor\/\",\"https:\/\/www.youtube.com\/channel\/UCKV9dKwP-Lz7LNNdvZDIoLg\"]},{\"@type\":\"Person\",\"@id\":\"https:\/\/www.liftart.org\/#\/schema\/person\/9af9a48cbd55b24e2d41c5e7dd930d91\",\"name\":\"helios\",\"sameAs\":[\"http:\/\/www.liftart.org\"],\"url\":\"https:\/\/www.liftart.org\/en\/author\/helios\/\"}]}<\/script>\n<!-- \/ Yoast SEO plugin. -->","yoast_head_json":{"title":"T\u00fcrkiye'deki Engelli \u00f6\u011frenci Say\u0131s\u0131 - LiftArt Merdiven Asans\u00f6r\u00fc","description":"Milli E\u011fitim Bakan\u0131 \u0130smet Y\u0131lmaz, 2017 de T\u00fcrkiye\u2019deki engelli \u00f6\u011frenci say\u0131s\u0131n\u0131n 306 bin 205 oldu\u011funu a\u00e7\u0131klad\u0131. LiftArt Engell Haberleri","robots":{"index":"index","follow":"follow","max-snippet":"max-snippet:-1","max-image-preview":"max-image-preview:large","max-video-preview":"max-video-preview:-1"},"canonical":"https:\/\/www.liftart.org\/en\/turkiyedeki-engelli-ogrenci-sayisi\/","og_locale":"en_US","og_type":"article","og_title":"T\u00fcrkiye'deki Engelli \u00f6\u011frenci Say\u0131s\u0131 - LiftArt Merdiven Asans\u00f6r\u00fc","og_description":"Milli E\u011fitim Bakan\u0131 \u0130smet Y\u0131lmaz, 2017 de T\u00fcrkiye\u2019deki engelli \u00f6\u011frenci say\u0131s\u0131n\u0131n 306 bin 205 oldu\u011funu a\u00e7\u0131klad\u0131. LiftArt Engell Haberleri","og_url":"https:\/\/www.liftart.org\/en\/turkiyedeki-engelli-ogrenci-sayisi\/","og_site_name":"LiftArt Merdiven Asans\u00f6r\u00fc","article_publisher":"https:\/\/www.facebook.com\/liftartasansor","article_published_time":"2017-06-12T09:27:03+00:00","author":"helios","twitter_card":"summary_large_image","twitter_creator":"@liftartasansor","twitter_site":"@liftartasansor","twitter_misc":{"Written by":"helios","Est. reading time":"2 minutes"},"schema":{"@context":"https:\/\/schema.org","@graph":[{"@type":"Article","@id":"https:\/\/www.liftart.org\/en\/turkiyedeki-engelli-ogrenci-sayisi\/#article","isPartOf":{"@id":"https:\/\/www.liftart.org\/en\/turkiyedeki-engelli-ogrenci-sayisi\/"},"author":{"name":"helios","@id":"https:\/\/www.liftart.org\/#\/schema\/person\/9af9a48cbd55b24e2d41c5e7dd930d91"},"headline":"T\u00fcrkiye&#8217;deki Engelli \u00f6\u011frenci Say\u0131s\u0131","datePublished":"2017-06-12T09:27:03+00:00","dateModified":"2017-06-12T09:27:03+00:00","mainEntityOfPage":{"@id":"https:\/\/www.liftart.org\/en\/turkiyedeki-engelli-ogrenci-sayisi\/"},"wordCount":442,"publisher":{"@id":"https:\/\/www.liftart.org\/#organization"},"articleSection":["Engelli Asans\u00f6r\u00fc Haberleri &amp; Blogu"],"inLanguage":"en-US"},{"@type":"WebPage","@id":"https:\/\/www.liftart.org\/en\/turkiyedeki-engelli-ogrenci-sayisi\/","url":"https:\/\/www.liftart.org\/en\/turkiyedeki-engelli-ogrenci-sayisi\/","name":"T\u00fcrkiye'deki Engelli \u00f6\u011frenci Say\u0131s\u0131 - LiftArt Merdiven Asans\u00f6r\u00fc","isPartOf":{"@id":"https:\/\/www.liftart.org\/en\/#website"},"datePublished":"2017-06-12T09:27:03+00:00","dateModified":"2017-06-12T09:27:03+00:00","description":"Milli E\u011fitim Bakan\u0131 \u0130smet Y\u0131lmaz, 2017 de T\u00fcrkiye\u2019deki engelli \u00f6\u011frenci say\u0131s\u0131n\u0131n 306 bin 205 oldu\u011funu a\u00e7\u0131klad\u0131. LiftArt Engell Haberleri","breadcrumb":{"@id":"https:\/\/www.liftart.org\/en\/turkiyedeki-engelli-ogrenci-sayisi\/#breadcrumb"},"inLanguage":"en-US","potentialAction":[{"@type":"ReadAction","target":[["https:\/\/www.liftart.org\/en\/turkiyedeki-engelli-ogrenci-sayisi\/"]]}]},{"@type":"BreadcrumbList","@id":"https:\/\/www.liftart.org\/en\/turkiyedeki-engelli-ogrenci-sayisi\/#breadcrumb","itemListElement":[{"@type":"ListItem","position":1,"name":"Anasayfa","item":"https:\/\/www.liftart.org\/en\/"},{"@type":"ListItem","position":2,"name":"T\u00fcrkiye&#8217;deki Engelli \u00f6\u011frenci Say\u0131s\u0131"}]},{"@type":"WebSite","@id":"https:\/\/www.liftart.org\/en\/#website","url":"https:\/\/www.liftart.org\/en\/","name":"LiftArt Merdiven Asans\u00f6r\u00fc","description":"Engelli Asans\u00f6r\u00fc, Ev Asans\u00f6r\u00fc","publisher":{"@id":"https:\/\/www.liftart.org\/en\/#organization"},"potentialAction":[{"@type":"SearchAction","target":{"@type":"EntryPoint","urlTemplate":"https:\/\/www.liftart.org\/en\/?s={search_term_string}"},"query-input":"required name=search_term_string"}],"inLanguage":"en-US"},{"@type":"Organization","@id":"https:\/\/www.liftart.org\/en\/#organization","name":"LiftArt Merdiven Asans\u00f6r\u00fc","url":"https:\/\/www.liftart.org\/en\/","logo":{"@type":"ImageObject","inLanguage":"en-US","@id":"https:\/\/www.liftart.org\/en\/#\/schema\/logo\/image\/","url":"http:\/\/www.liftart.org\/wp-content\/uploads\/2023\/03\/cropped-cropped-LiftArt-2020-Logo-300x100-1-1-1.png","contentUrl":"http:\/\/www.liftart.org\/wp-content\/uploads\/2023\/03\/cropped-cropped-LiftArt-2020-Logo-300x100-1-1-1.png","width":300,"height":100,"caption":"LiftArt Merdiven Asans\u00f6r\u00fc"},"image":{"@id":"https:\/\/www.liftart.org\/en\/#\/schema\/logo\/image\/"},"sameAs":["https:\/\/www.facebook.com\/liftartasansor","https:\/\/twitter.com\/liftartasansor","https:\/\/www.instagram.com\/liftartasansor\/","https:\/\/www.youtube.com\/channel\/UCKV9dKwP-Lz7LNNdvZDIoLg"]},{"@type":"Person","@id":"https:\/\/www.liftart.org\/#\/schema\/person\/9af9a48cbd55b24e2d41c5e7dd930d91","name":"helios","sameAs":["http:\/\/www.liftart.org"],"url":"https:\/\/www.liftart.org\/en\/author\/helios\/"}]}},"_links":{"self":[{"href":"https:\/\/www.liftart.org\/en\/wp-json\/wp\/v2\/posts\/1981","targetHints":{"allow":["GET"]}}],"collection":[{"href":"https:\/\/www.liftart.org\/en\/wp-json\/wp\/v2\/posts"}],"about":[{"href":"https:\/\/www.liftart.org\/en\/wp-json\/wp\/v2\/types\/post"}],"author":[{"embeddable":true,"href":"https:\/\/www.liftart.org\/en\/wp-json\/wp\/v2\/users\/1"}],"replies":[{"embeddable":true,"href":"https:\/\/www.liftart.org\/en\/wp-json\/wp\/v2\/comments?post=1981"}],"version-history":[{"count":0,"href":"https:\/\/www.liftart.org\/en\/wp-json\/wp\/v2\/posts\/1981\/revisions"}],"wp:attachment":[{"href":"https:\/\/www.liftart.org\/en\/wp-json\/wp\/v2\/media?parent=1981"}],"wp:term":[{"taxonomy":"category","embeddable":true,"href":"https:\/\/www.liftart.org\/en\/wp-json\/wp\/v2\/categories?post=1981"},{"taxonomy":"post_tag","embeddable":true,"href":"https:\/\/www.liftart.org\/en\/wp-json\/wp\/v2\/tags?post=1981"}],"curies":[{"name":"wp","href":"https:\/\/api.w.org\/{rel}","templated":true}]}}