{"id":2863,"date":"2017-11-28T10:41:07","date_gmt":"2017-11-28T07:41:07","guid":{"rendered":"https:\/\/liftart.com.tr\/?p=2863"},"modified":"2017-11-28T10:41:07","modified_gmt":"2017-11-28T07:41:07","slug":"2-el-engelli-asansoru-ariyorsaniz","status":"publish","type":"post","link":"https:\/\/www.liftart.org\/en\/2-el-engelli-asansoru-ariyorsaniz\/","title":{"rendered":"2. El Engelli Asans\u00f6r\u00fc Ar\u0131yorsan\u0131z"},"content":{"rendered":"<p>Yaz\u0131 Konusu: 2. El Engelli Asans\u00f6r\u00fc Ar\u0131yorsan\u0131z Bakaca\u011f\u0131n\u0131z en Tecr\u00fcbeli Firma LiftArt&#8217;t\u0131r<\/p>\n<h1>2. El Engelli Asans\u00f6r\u00fc Ar\u0131yorsan\u0131z;<\/h1>\n<p>\u015eirketimiz ikinci el engelli asans\u00f6r ticareti kesinlikle yapmamaktad\u0131r. Ancak \u00f6nceden \u015firketimizin \u00fcr\u00fcnlerini alm\u0131\u015f ve art\u0131k kullanmak zorunda kalmayan m\u00fc\u015fterilerimize yard\u0131mc\u0131 olmak i\u00e7in y\u00f6nlendirme yapmakta ve her iki tarafa yard\u0131mc\u0131 olmaktay\u0131z. Engelli asans\u00f6r\u00fc konusunda \u00f6nc\u00fc firmalar\u0131ndan olan Liftart 2. El asans\u00f6r\u00fc engelli bireylerin ya\u015famlar\u0131n\u0131 engelsiz bir \u015fekilde devam etmesini hedeflemektedir.<\/p>\n<p>&nbsp;<\/p>\n<hr \/>\n<p>Kalite ve g\u00fcvenli\u011fin markas\u0131 olarak bilinen LiftArt, evlerinize de\u011fer ve estetik katar, \u00f6zel ihtiya\u00e7lar\u0131n\u0131za uygun teknolojiler sunar.<\/p>\n<p>LiftArt ev asans\u00f6rleri, villa asans\u00f6rleri, engelli asans\u00f6rleri, merdiven asans\u00f6rleri \u00fcr\u00fcnlerinde Handicare ve Vimec firmalar\u0131n\u0131n T\u00fcrkiye tek temsilcisidir ve bu \u00fcr\u00fcnleri uygun fiyat ile sat\u0131\u015fa sunuyor, monte ediyor ve bak\u0131m hizmetlerini sunuyor.<\/p>\n<p>Standart veya \u00f6zel tasarlanm\u0131\u015f LiftArt asans\u00f6rleri binan\u0131z\u0131n mimarisine kolayca entegre edilebilir. <em>2. el engelli asans\u00f6r\u00fc<\/em> ara\u015ft\u0131r\u0131yorsan\u0131z dikkat etmeniz gereken konulardan birisi bu \u00fcr\u00fcnlerin markas\u0131d\u0131r. Yedek par\u00e7a ve servis hizmetleri alabilece\u011finiz bulundu\u011funuz yerde temsilcisi olan bir markay\u0131 tercih etmelisiniz.<\/p>\n<p>G\u00fcn\u00fcm\u00fcz teknolojisiyle birlikte engelli asans\u00f6r\u00fc teknolojisi de geli\u015fmektedir.<\/p>\n<p>Kurulum hangi \u015fehirde ve nerede olursa olsun Liftart&#8217;\u0131n sat\u0131\u015f\u0131n\u0131 yapt\u0131\u011f\u0131 engelli asans\u00f6rleri yap\u0131n\u0131z ile m\u00fckemmel uyum sa\u011flayacakt\u0131r.<\/p>\n<p><span class=\"notranslate\"><em>Engellilerin\u00a0<\/em>katlara ula\u015f\u0131lmas\u0131 i\u00e7in baz\u0131 asans\u00f6r modelleri gereklidir.<\/span> <span class=\"notranslate\">Bu asans\u00f6rler sayesinde engelli ki\u015filerin ba\u015fkalar\u0131ndan yard\u0131m almadan\u00a0<a href=\"https:\/\/liftart.com.tr\/engelli-asansoru\/\">engelli asans\u00f6r\u00fc<\/a> ile gidecekleri kata ula\u015fmalar\u0131 sa\u011flanm\u0131\u015ft\u0131r.<\/span><\/p>\n<p><span class=\"notranslate\">Bu yap\u0131lar ev, kamu kurumlar\u0131 veya \u00f6zel sekt\u00f6r kurulu\u015flar\u0131nda kullanabilmektedir.<\/span><\/p>\n<p><span class=\"notranslate\">Bu asans\u00f6r tipleri, \u00f6zel bir hassasiyetle ve binan\u0131n \u015fekline\u00a0g\u00f6re tasarlanmal\u0131d\u0131r. Bu konuda \u00f6zel \u00f6l\u00e7\u00fclendirme sistemimiz ile sizlere y\u00fcksek hassasiyetle engelli asans\u00f6r\u00fc tedarik edece\u011fizdir.<\/span><\/p>\n<p><span class=\"notranslate\">Liftart\u00a0asans\u00f6r olarak bu hassasiyet \u00f6nemle uygulanmaktad\u0131r. 2. el engelli asonsoru i\u00e7in bilgi alabilece\u011finiz en tecr\u00fcbeli firmad\u0131r.<\/span><\/p>\n<p><a href=\"https:\/\/liftart.com.tr\/wp-content\/uploads\/2017\/11\/2-el-engelli-asansoru.jpg\"><img loading=\"lazy\" decoding=\"async\" class=\"alignnone wp-image-2867\" src=\"https:\/\/liftart.com.tr\/wp-content\/uploads\/2017\/11\/2-el-engelli-asansoru.jpg\" alt=\"2. el engelli asans\u00f6r\u00fc ar\u0131yorsan\u0131z\" width=\"501\" height=\"376\" \/><\/a><\/p>\n<p><strong>2. El engelli\u00a0asans\u00f6r\u00fc ar\u0131yorsan\u0131z veya 2. el merdiven\u00a0asans\u00f6r\u00fc ihtiya\u00e7lar\u0131n\u0131zla ilgili bilgi almak i\u00e7in l\u00fctfen bizi aray\u0131n\u0131z. 0212 608 00 70<\/strong><\/p>\n<p>Engelli rampas\u0131ndan \u00f6nce\u00a0<em><strong>engelli asans\u00f6r\u00fcn\u00fcn<\/strong><\/em> tercih edilmesi engelliler i\u00e7in daha kullan\u0131\u015fl\u0131 ve uygun olacakt\u0131r. Engelli asans\u00f6rleri ile ilgili detayl\u0131 bilgi i\u00e7in <a href=\"https:\/\/liftart.com.tr\/iletisim\/\">t\u0131klay\u0131n\u0131z<\/a><\/p>\n<p><a href=\"https:\/\/liftart.com.tr\/2-el-engelli-asansoru\/\">LiftArt 2. El Engelli Asans\u00f6r\u00fc<\/a><\/p>\n<p>0 212 608 00 70 \u00a0&#8211; \u00a00 532 633 26 16<\/p>\n<p>&nbsp;<\/p>","protected":false},"excerpt":{"rendered":"<p>Yaz\u0131 Konusu: 2. El Engelli Asans\u00f6r\u00fc Ar\u0131yorsan\u0131z Bakaca\u011f\u0131n\u0131z en Tecr\u00fcbeli Firma LiftArt&#8217;t\u0131r 2. El Engelli Asans\u00f6r\u00fc&#8230;<\/p>\n","protected":false},"author":1,"featured_media":2867,"comment_status":"closed","ping_status":"closed","sticky":false,"template":"","format":"standard","meta":{"footnotes":""},"categories":[243],"tags":[447,448,449,450],"class_list":["post-2863","post","type-post","status-publish","format-standard","has-post-thumbnail","hentry","category-engelli-asansoru-haberleri-blog","tag-2-el-engelli-asansoru","tag-2-el-ozurlu-asansoru","tag-2-el-sakat-asansoru","tag-ikinci-el-engelli-asansoru"],"yoast_head":"<!-- This site is optimized with the Yoast SEO plugin v20.4 - https:\/\/yoast.com\/wordpress\/plugins\/seo\/ -->\n<title>2. El Engelli Asans\u00f6r\u00fc Ar\u0131yorsan\u0131z | LiftArt Asans\u00f6r Sistemlerini Aray\u0131n\u0131z<\/title>\n<meta name=\"description\" content=\"2. El Engelli Asans\u00f6r\u00fc Ar\u0131yorsan\u0131z, LiftArt ev asans\u00f6rleri, villa asans\u00f6rleri, engelli asans\u00f6rleri, merdiven asans\u00f6rleri \u00fcr\u00fcnlerinde Handicare ve Vimec firmalar\u0131n\u0131n T\u00fcrkiye tek temsilcisidir ve bu \u00fcr\u00fcnleri uygun fiyat ile sat\u0131\u015fa sunuyor, monte ediyor ve bak\u0131m hizmetlerini sunuyor.\" \/>\n<meta name=\"robots\" content=\"index, follow, max-snippet:-1, max-image-preview:large, max-video-preview:-1\" \/>\n<link rel=\"canonical\" href=\"https:\/\/www.liftart.org\/en\/2-el-engelli-asansoru-ariyorsaniz\/\" \/>\n<meta property=\"og:locale\" content=\"en_US\" \/>\n<meta property=\"og:type\" content=\"article\" \/>\n<meta property=\"og:title\" content=\"2. El Engelli Asans\u00f6r\u00fc Ar\u0131yorsan\u0131z | LiftArt Asans\u00f6r Sistemlerini Aray\u0131n\u0131z\" \/>\n<meta property=\"og:description\" content=\"2. El Engelli Asans\u00f6r\u00fc Ar\u0131yorsan\u0131z, LiftArt ev asans\u00f6rleri, villa asans\u00f6rleri, engelli asans\u00f6rleri, merdiven asans\u00f6rleri \u00fcr\u00fcnlerinde Handicare ve Vimec firmalar\u0131n\u0131n T\u00fcrkiye tek temsilcisidir ve bu \u00fcr\u00fcnleri uygun fiyat ile sat\u0131\u015fa sunuyor, monte ediyor ve bak\u0131m hizmetlerini sunuyor.\" \/>\n<meta property=\"og:url\" content=\"https:\/\/www.liftart.org\/en\/2-el-engelli-asansoru-ariyorsaniz\/\" \/>\n<meta property=\"og:site_name\" content=\"LiftArt Merdiven Asans\u00f6r\u00fc\" \/>\n<meta property=\"article:publisher\" content=\"https:\/\/www.facebook.com\/liftartasansor\" \/>\n<meta property=\"article:published_time\" content=\"2017-11-28T07:41:07+00:00\" \/>\n<meta name=\"author\" content=\"helios\" \/>\n<meta name=\"twitter:card\" content=\"summary_large_image\" \/>\n<meta name=\"twitter:creator\" content=\"@liftartasansor\" \/>\n<meta name=\"twitter:site\" content=\"@liftartasansor\" \/>\n<meta name=\"twitter:label1\" content=\"Written by\" \/>\n\t<meta name=\"twitter:data1\" content=\"helios\" \/>\n\t<meta name=\"twitter:label2\" content=\"Est. reading time\" \/>\n\t<meta name=\"twitter:data2\" content=\"4 minutes\" \/>\n<script type=\"application\/ld+json\" class=\"yoast-schema-graph\">{\"@context\":\"https:\/\/schema.org\",\"@graph\":[{\"@type\":\"Article\",\"@id\":\"https:\/\/www.liftart.org\/en\/2-el-engelli-asansoru-ariyorsaniz\/#article\",\"isPartOf\":{\"@id\":\"https:\/\/www.liftart.org\/en\/2-el-engelli-asansoru-ariyorsaniz\/\"},\"author\":{\"name\":\"helios\",\"@id\":\"https:\/\/www.liftart.org\/en\/#\/schema\/person\/9af9a48cbd55b24e2d41c5e7dd930d91\"},\"headline\":\"2. El Engelli Asans\u00f6r\u00fc Ar\u0131yorsan\u0131z\",\"datePublished\":\"2017-11-28T07:41:07+00:00\",\"dateModified\":\"2017-11-28T07:41:07+00:00\",\"mainEntityOfPage\":{\"@id\":\"https:\/\/www.liftart.org\/en\/2-el-engelli-asansoru-ariyorsaniz\/\"},\"wordCount\":841,\"publisher\":{\"@id\":\"https:\/\/www.liftart.org\/en\/#organization\"},\"keywords\":[\"2. El Engelli Asans\u00f6r\u00fc\",\"2. el \u00f6z\u00fcrl\u00fc asans\u00f6r\u00fc\",\"2. el sakat asans\u00f6r\u00fc\",\"ikinci el engelli asans\u00f6r\u00fc\"],\"articleSection\":[\"Engelli Asans\u00f6r\u00fc Haberleri &amp; Blogu\"],\"inLanguage\":\"en-US\"},{\"@type\":\"WebPage\",\"@id\":\"https:\/\/www.liftart.org\/en\/2-el-engelli-asansoru-ariyorsaniz\/\",\"url\":\"https:\/\/www.liftart.org\/en\/2-el-engelli-asansoru-ariyorsaniz\/\",\"name\":\"2. El Engelli Asans\u00f6r\u00fc Ar\u0131yorsan\u0131z | LiftArt Asans\u00f6r Sistemlerini Aray\u0131n\u0131z\",\"isPartOf\":{\"@id\":\"https:\/\/www.liftart.org\/en\/#website\"},\"datePublished\":\"2017-11-28T07:41:07+00:00\",\"dateModified\":\"2017-11-28T07:41:07+00:00\",\"description\":\"2. El Engelli Asans\u00f6r\u00fc Ar\u0131yorsan\u0131z, LiftArt ev asans\u00f6rleri, villa asans\u00f6rleri, engelli asans\u00f6rleri, merdiven asans\u00f6rleri \u00fcr\u00fcnlerinde Handicare ve Vimec firmalar\u0131n\u0131n T\u00fcrkiye tek temsilcisidir ve bu \u00fcr\u00fcnleri uygun fiyat ile sat\u0131\u015fa sunuyor, monte ediyor ve bak\u0131m hizmetlerini sunuyor.\",\"breadcrumb\":{\"@id\":\"https:\/\/www.liftart.org\/en\/2-el-engelli-asansoru-ariyorsaniz\/#breadcrumb\"},\"inLanguage\":\"en-US\",\"potentialAction\":[{\"@type\":\"ReadAction\",\"target\":[[\"https:\/\/www.liftart.org\/en\/2-el-engelli-asansoru-ariyorsaniz\/\"]]}]},{\"@type\":\"BreadcrumbList\",\"@id\":\"https:\/\/www.liftart.org\/en\/2-el-engelli-asansoru-ariyorsaniz\/#breadcrumb\",\"itemListElement\":[{\"@type\":\"ListItem\",\"position\":1,\"name\":\"Anasayfa\",\"item\":\"https:\/\/www.liftart.org\/en\/\"},{\"@type\":\"ListItem\",\"position\":2,\"name\":\"2. El Engelli Asans\u00f6r\u00fc Ar\u0131yorsan\u0131z\"}]},{\"@type\":\"WebSite\",\"@id\":\"https:\/\/www.liftart.org\/en\/#website\",\"url\":\"https:\/\/www.liftart.org\/en\/\",\"name\":\"LiftArt Merdiven Asans\u00f6r\u00fc\",\"description\":\"Engelli Asans\u00f6r\u00fc, Ev Asans\u00f6r\u00fc\",\"publisher\":{\"@id\":\"https:\/\/www.liftart.org\/en\/#organization\"},\"potentialAction\":[{\"@type\":\"SearchAction\",\"target\":{\"@type\":\"EntryPoint\",\"urlTemplate\":\"https:\/\/www.liftart.org\/en\/?s={search_term_string}\"},\"query-input\":\"required name=search_term_string\"}],\"inLanguage\":\"en-US\"},{\"@type\":\"Organization\",\"@id\":\"https:\/\/www.liftart.org\/en\/#organization\",\"name\":\"LiftArt Merdiven Asans\u00f6r\u00fc\",\"url\":\"https:\/\/www.liftart.org\/en\/\",\"logo\":{\"@type\":\"ImageObject\",\"inLanguage\":\"en-US\",\"@id\":\"https:\/\/www.liftart.org\/en\/#\/schema\/logo\/image\/\",\"url\":\"http:\/\/www.liftart.org\/wp-content\/uploads\/2023\/03\/cropped-cropped-LiftArt-2020-Logo-300x100-1-1-1.png\",\"contentUrl\":\"http:\/\/www.liftart.org\/wp-content\/uploads\/2023\/03\/cropped-cropped-LiftArt-2020-Logo-300x100-1-1-1.png\",\"width\":300,\"height\":100,\"caption\":\"LiftArt Merdiven Asans\u00f6r\u00fc\"},\"image\":{\"@id\":\"https:\/\/www.liftart.org\/en\/#\/schema\/logo\/image\/\"},\"sameAs\":[\"https:\/\/www.facebook.com\/liftartasansor\",\"https:\/\/twitter.com\/liftartasansor\",\"https:\/\/www.instagram.com\/liftartasansor\/\",\"https:\/\/www.youtube.com\/channel\/UCKV9dKwP-Lz7LNNdvZDIoLg\"]},{\"@type\":\"Person\",\"@id\":\"https:\/\/www.liftart.org\/en\/#\/schema\/person\/9af9a48cbd55b24e2d41c5e7dd930d91\",\"name\":\"helios\",\"sameAs\":[\"http:\/\/www.liftart.org\"],\"url\":\"https:\/\/www.liftart.org\/en\/author\/helios\/\"}]}<\/script>\n<!-- \/ Yoast SEO plugin. -->","yoast_head_json":{"title":"2. El Engelli Asans\u00f6r\u00fc Ar\u0131yorsan\u0131z | LiftArt Asans\u00f6r Sistemlerini Aray\u0131n\u0131z","description":"2. El Engelli Asans\u00f6r\u00fc Ar\u0131yorsan\u0131z, LiftArt ev asans\u00f6rleri, villa asans\u00f6rleri, engelli asans\u00f6rleri, merdiven asans\u00f6rleri \u00fcr\u00fcnlerinde Handicare ve Vimec firmalar\u0131n\u0131n T\u00fcrkiye tek temsilcisidir ve bu \u00fcr\u00fcnleri uygun fiyat ile sat\u0131\u015fa sunuyor, monte ediyor ve bak\u0131m hizmetlerini sunuyor.","robots":{"index":"index","follow":"follow","max-snippet":"max-snippet:-1","max-image-preview":"max-image-preview:large","max-video-preview":"max-video-preview:-1"},"canonical":"https:\/\/www.liftart.org\/en\/2-el-engelli-asansoru-ariyorsaniz\/","og_locale":"en_US","og_type":"article","og_title":"2. El Engelli Asans\u00f6r\u00fc Ar\u0131yorsan\u0131z | LiftArt Asans\u00f6r Sistemlerini Aray\u0131n\u0131z","og_description":"2. El Engelli Asans\u00f6r\u00fc Ar\u0131yorsan\u0131z, LiftArt ev asans\u00f6rleri, villa asans\u00f6rleri, engelli asans\u00f6rleri, merdiven asans\u00f6rleri \u00fcr\u00fcnlerinde Handicare ve Vimec firmalar\u0131n\u0131n T\u00fcrkiye tek temsilcisidir ve bu \u00fcr\u00fcnleri uygun fiyat ile sat\u0131\u015fa sunuyor, monte ediyor ve bak\u0131m hizmetlerini sunuyor.","og_url":"https:\/\/www.liftart.org\/en\/2-el-engelli-asansoru-ariyorsaniz\/","og_site_name":"LiftArt Merdiven Asans\u00f6r\u00fc","article_publisher":"https:\/\/www.facebook.com\/liftartasansor","article_published_time":"2017-11-28T07:41:07+00:00","author":"helios","twitter_card":"summary_large_image","twitter_creator":"@liftartasansor","twitter_site":"@liftartasansor","twitter_misc":{"Written by":"helios","Est. reading time":"4 minutes"},"schema":{"@context":"https:\/\/schema.org","@graph":[{"@type":"Article","@id":"https:\/\/www.liftart.org\/en\/2-el-engelli-asansoru-ariyorsaniz\/#article","isPartOf":{"@id":"https:\/\/www.liftart.org\/en\/2-el-engelli-asansoru-ariyorsaniz\/"},"author":{"name":"helios","@id":"https:\/\/www.liftart.org\/en\/#\/schema\/person\/9af9a48cbd55b24e2d41c5e7dd930d91"},"headline":"2. El Engelli Asans\u00f6r\u00fc Ar\u0131yorsan\u0131z","datePublished":"2017-11-28T07:41:07+00:00","dateModified":"2017-11-28T07:41:07+00:00","mainEntityOfPage":{"@id":"https:\/\/www.liftart.org\/en\/2-el-engelli-asansoru-ariyorsaniz\/"},"wordCount":841,"publisher":{"@id":"https:\/\/www.liftart.org\/en\/#organization"},"keywords":["2. El Engelli Asans\u00f6r\u00fc","2. el \u00f6z\u00fcrl\u00fc asans\u00f6r\u00fc","2. el sakat asans\u00f6r\u00fc","ikinci el engelli asans\u00f6r\u00fc"],"articleSection":["Engelli Asans\u00f6r\u00fc Haberleri &amp; Blogu"],"inLanguage":"en-US"},{"@type":"WebPage","@id":"https:\/\/www.liftart.org\/en\/2-el-engelli-asansoru-ariyorsaniz\/","url":"https:\/\/www.liftart.org\/en\/2-el-engelli-asansoru-ariyorsaniz\/","name":"2. El Engelli Asans\u00f6r\u00fc Ar\u0131yorsan\u0131z | LiftArt Asans\u00f6r Sistemlerini Aray\u0131n\u0131z","isPartOf":{"@id":"https:\/\/www.liftart.org\/en\/#website"},"datePublished":"2017-11-28T07:41:07+00:00","dateModified":"2017-11-28T07:41:07+00:00","description":"2. El Engelli Asans\u00f6r\u00fc Ar\u0131yorsan\u0131z, LiftArt ev asans\u00f6rleri, villa asans\u00f6rleri, engelli asans\u00f6rleri, merdiven asans\u00f6rleri \u00fcr\u00fcnlerinde Handicare ve Vimec firmalar\u0131n\u0131n T\u00fcrkiye tek temsilcisidir ve bu \u00fcr\u00fcnleri uygun fiyat ile sat\u0131\u015fa sunuyor, monte ediyor ve bak\u0131m hizmetlerini sunuyor.","breadcrumb":{"@id":"https:\/\/www.liftart.org\/en\/2-el-engelli-asansoru-ariyorsaniz\/#breadcrumb"},"inLanguage":"en-US","potentialAction":[{"@type":"ReadAction","target":[["https:\/\/www.liftart.org\/en\/2-el-engelli-asansoru-ariyorsaniz\/"]]}]},{"@type":"BreadcrumbList","@id":"https:\/\/www.liftart.org\/en\/2-el-engelli-asansoru-ariyorsaniz\/#breadcrumb","itemListElement":[{"@type":"ListItem","position":1,"name":"Anasayfa","item":"https:\/\/www.liftart.org\/en\/"},{"@type":"ListItem","position":2,"name":"2. El Engelli Asans\u00f6r\u00fc Ar\u0131yorsan\u0131z"}]},{"@type":"WebSite","@id":"https:\/\/www.liftart.org\/en\/#website","url":"https:\/\/www.liftart.org\/en\/","name":"LiftArt Merdiven Asans\u00f6r\u00fc","description":"Engelli Asans\u00f6r\u00fc, Ev Asans\u00f6r\u00fc","publisher":{"@id":"https:\/\/www.liftart.org\/en\/#organization"},"potentialAction":[{"@type":"SearchAction","target":{"@type":"EntryPoint","urlTemplate":"https:\/\/www.liftart.org\/en\/?s={search_term_string}"},"query-input":"required name=search_term_string"}],"inLanguage":"en-US"},{"@type":"Organization","@id":"https:\/\/www.liftart.org\/en\/#organization","name":"LiftArt Merdiven Asans\u00f6r\u00fc","url":"https:\/\/www.liftart.org\/en\/","logo":{"@type":"ImageObject","inLanguage":"en-US","@id":"https:\/\/www.liftart.org\/en\/#\/schema\/logo\/image\/","url":"http:\/\/www.liftart.org\/wp-content\/uploads\/2023\/03\/cropped-cropped-LiftArt-2020-Logo-300x100-1-1-1.png","contentUrl":"http:\/\/www.liftart.org\/wp-content\/uploads\/2023\/03\/cropped-cropped-LiftArt-2020-Logo-300x100-1-1-1.png","width":300,"height":100,"caption":"LiftArt Merdiven Asans\u00f6r\u00fc"},"image":{"@id":"https:\/\/www.liftart.org\/en\/#\/schema\/logo\/image\/"},"sameAs":["https:\/\/www.facebook.com\/liftartasansor","https:\/\/twitter.com\/liftartasansor","https:\/\/www.instagram.com\/liftartasansor\/","https:\/\/www.youtube.com\/channel\/UCKV9dKwP-Lz7LNNdvZDIoLg"]},{"@type":"Person","@id":"https:\/\/www.liftart.org\/en\/#\/schema\/person\/9af9a48cbd55b24e2d41c5e7dd930d91","name":"helios","sameAs":["http:\/\/www.liftart.org"],"url":"https:\/\/www.liftart.org\/en\/author\/helios\/"}]}},"_links":{"self":[{"href":"https:\/\/www.liftart.org\/en\/wp-json\/wp\/v2\/posts\/2863","targetHints":{"allow":["GET"]}}],"collection":[{"href":"https:\/\/www.liftart.org\/en\/wp-json\/wp\/v2\/posts"}],"about":[{"href":"https:\/\/www.liftart.org\/en\/wp-json\/wp\/v2\/types\/post"}],"author":[{"embeddable":true,"href":"https:\/\/www.liftart.org\/en\/wp-json\/wp\/v2\/users\/1"}],"replies":[{"embeddable":true,"href":"https:\/\/www.liftart.org\/en\/wp-json\/wp\/v2\/comments?post=2863"}],"version-history":[{"count":0,"href":"https:\/\/www.liftart.org\/en\/wp-json\/wp\/v2\/posts\/2863\/revisions"}],"wp:featuredmedia":[{"embeddable":true,"href":"https:\/\/www.liftart.org\/en\/wp-json\/"}],"wp:attachment":[{"href":"https:\/\/www.liftart.org\/en\/wp-json\/wp\/v2\/media?parent=2863"}],"wp:term":[{"taxonomy":"category","embeddable":true,"href":"https:\/\/www.liftart.org\/en\/wp-json\/wp\/v2\/categories?post=2863"},{"taxonomy":"post_tag","embeddable":true,"href":"https:\/\/www.liftart.org\/en\/wp-json\/wp\/v2\/tags?post=2863"}],"curies":[{"name":"wp","href":"https:\/\/api.w.org\/{rel}","templated":true}]}}